{"id":3405,"date":"2017-01-31T14:27:31","date_gmt":"2017-01-31T14:27:31","guid":{"rendered":"http:\/\/influenceassociates.com\/?p=3405"},"modified":"2019-12-05T15:44:54","modified_gmt":"2019-12-05T15:44:54","slug":"automotive-pr-vuhl-off-flyer-2017","status":"publish","type":"post","link":"https:\/\/influenceassociates.com\/de\/automotive-pr-vuhl-off-flyer-2017\/","title":{"rendered":"Automobil-PR - VUHL startet mit einem Flyer ins Jahr 2017"},"content":{"rendered":"<p><em>von James Andrew<\/em><\/p>\n<p>Automobil-PR - Nachrichten aus der Automobil-PR, <a href=\"http:\/\/vuhl05.com\/\" target=\"_blank\" rel=\"noopener noreferrer\">VUHL<\/a> hat das Jahr mit Stil begonnen, nachdem sie einen erfolgreichen internationalen dynamischen Auftritt bei der <a href=\"http:\/\/www.raceofchampions.com\/\" target=\"_blank\" rel=\"noopener noreferrer\">Rennen der Champions<\/a> in Miami.<\/p>\n<p>Die Veranstaltung, die zwei Tage lang im Marlins Park stattfand, bildete den Auftakt zu einem vielversprechenden Jahr f\u00fcr den schnell expandierenden Supersportwagenhersteller.<\/p>\n<p>Der leichte und dynamische 05 ROC Edition von VUHL war perfekt f\u00fcr die enge und kurvenreiche Strecke geeignet und erm\u00f6glichte es den Fahrern, schnell zu beschleunigen und den schwierigen Kurs mit relativer Leichtigkeit zu bew\u00e4ltigen.<\/p>\n<p>16 der weltbesten Motorsport-Ikonen fuhren den VUHL 05 ROC Edition in Kopf-an-Kopf-Rennen bis an die Grenzen, wobei sich alle Champion-Piloten auf der technischen Strecke hinter das Steuer des 420 PS\/Tonnen starken 05 setzten. Alle Rennfahrer best\u00e4tigten, dass der intensive Grip und die hervorragenden Bremsen des Fahrzeugs das Selbstvertrauen des Fahrers in der Hitze des Gefechts immer wieder aufs Neue st\u00e4rkten.<\/p>\n<p>Gro\u00dfe Namen wie Travis Pastrana, F1-Champion Sebastian Vettel und Champion of Champions Juan Pablo Montoya traten in der 05 ROC Edition an. Das spektakul\u00e4re Flammenspiel und der L\u00e4rm der Auspuffanlage unterhielten die Zuschauer durchweg.<\/p>\n<p>Am Sonntag f\u00fchren Juan Pablo Montoya, Tom Kristensen und Petter Solberg die Parade vor dem ersten Rennen in den orange-wei\u00dfen VUHLs an.<\/p>\n<p>Die Veranstaltung in Miami fiel mit dem Start einer speziellen Website in Amerika - VUHL05.US - zusammen, auf der potenzielle Kunden ihre eigenen VUHL 05-Fahrzeuge zusammenstellen k\u00f6nnen und Zugang zu Neuigkeiten und Informationen \u00fcber VUHL-Fahrzeuge sowie zu Verkaufshilfen und Beratung erhalten. Eine Kundendienstnummer - +1 (855) 955 VUHL - ist jetzt ebenfalls in Betrieb.<\/p>\n<p>Die kontinuierliche Weiterentwicklung des Modells 05 wird fortgesetzt, da die Expansion in den amerikanischen und europ\u00e4ischen Markt die Nachfrage nach dem ma\u00dfgeschneiderten, leichten Supersportwagen widerspiegelt. VUHL hat f\u00fcr die Veranstaltung drei Sondermodelle - 05 ROC Edition - in Auftrag gegeben, die inzwischen alle an Kunden verkauft wurden. Die hohe Nachfrage nach der Limited Edition hat dazu gef\u00fchrt, dass die Produktion des Modells im ersten Quartal 2017 erh\u00f6ht wurde.<\/p>\n<p>Zu Beginn dieses Jahres, <a href=\"http:\/\/influenceassociates.com\/de\/vuhls-funf-jahre-partnerschaft-mit-den-race-champions\/\">VUHL hat eine f\u00fcnfj\u00e4hrige Partnerschaft vereinbart<\/a> um Fahrzeuge f\u00fcr die beliebte Veranstaltung Race of Champions bereitzustellen.<\/p>\n<p><span style=\"text-decoration: underline;\">Zitate<\/span><\/p>\n<p>VUHL-Mitbegr\u00fcnder Guillermo Echeverria sagte: \"Dies ist eine aufregende Zeit f\u00fcr VUHL. Wir sind sehr stolz darauf, beim Race of Champions einen weiteren Meilenstein erreicht zu haben. Die Resonanz der weltbesten Fahrer und des Publikums auf das Auto war so positiv, dass wir die Produktion des im Marlins Park gezeigten Modells erh\u00f6hen mussten. Dies ist ein weiterer erstaunlicher Meilenstein f\u00fcr VUHL und wir k\u00f6nnen es kaum erwarten, die Fans im Stadion und auf der ganzen Welt zu begeistern.\"<\/p>\n<p><a href=\"http:\/\/influenceassociates.com\/de\/\" target=\"_blank\" rel=\"noopener noreferrer\">Einfluss Assoziierte<\/a> sind weltweit f\u00fchrend in den Bereichen Automobil-PR, Motorsport-PR und Oldtimer-PR, Markenstrategie und -aufbau, PR und Kommunikation.<\/p>","protected":false},"excerpt":{"rendered":"<p>von James Andrew Automotive PR - Im Bereich der Automobil-PR hat VUHL das Jahr mit Stil begonnen, nachdem es einen erfolgreichen internationalen Auftritt beim Race Of Champions in Miami absolviert hat. Die Veranstaltung, bei der eine erstaunliche...<\/p>","protected":false},"author":5,"featured_media":0,"comment_status":"closed","ping_status":"open","sticky":false,"template":"","format":"standard","meta":{"_acf_changed":false,"footnotes":""},"categories":[1],"tags":[],"class_list":["post-3405","post","type-post","status-publish","format-standard","hentry","category-uncategorised"],"acf":[],"yoast_head":"<!-- This site is optimized with the Yoast SEO plugin v27.5 - https:\/\/yoast.com\/product\/yoast-seo-wordpress\/ -->\n<title>Automotive PR - VUHL Off To A Flyer In 2017 - Influence Associates<\/title>\n<meta name=\"robots\" content=\"index, follow, max-snippet:-1, max-image-preview:large, max-video-preview:-1\" \/>\n<link rel=\"canonical\" href=\"https:\/\/influenceassociates.com\/de\/automotive-pr-vuhl-off-flyer-2017\/\" \/>\n<meta property=\"og:locale\" content=\"de_DE\" \/>\n<meta property=\"og:type\" content=\"article\" \/>\n<meta property=\"og:title\" content=\"Automotive PR - VUHL Off To A Flyer In 2017 - Influence Associates\" \/>\n<meta property=\"og:description\" content=\"by James Andrew Automotive PR &#8211; In automotive PR news, VUHL has started the year in style after completing successful international dynamic appearance at the Race Of Champions in Miami. The event, which saw an amazing&hellip;\" \/>\n<meta property=\"og:url\" content=\"https:\/\/influenceassociates.com\/de\/automotive-pr-vuhl-off-flyer-2017\/\" \/>\n<meta property=\"og:site_name\" content=\"Influence Associates\" \/>\n<meta property=\"article:published_time\" content=\"2017-01-31T14:27:31+00:00\" \/>\n<meta property=\"article:modified_time\" content=\"2019-12-05T15:44:54+00:00\" \/>\n<meta name=\"author\" content=\"Influence iNews Team\" \/>\n<meta name=\"twitter:card\" content=\"summary_large_image\" \/>\n<meta name=\"twitter:creator\" content=\"@InfluenceComms\" \/>\n<meta name=\"twitter:site\" content=\"@InfluenceComms\" \/>\n<meta name=\"twitter:label1\" content=\"Verfasst von\" \/>\n\t<meta name=\"twitter:data1\" content=\"Influence iNews Team\" \/>\n\t<meta name=\"twitter:label2\" content=\"Gesch\u00e4tzte Lesezeit\" \/>\n\t<meta name=\"twitter:data2\" content=\"2\u00a0Minuten\" \/>\n<script type=\"application\/ld+json\" class=\"yoast-schema-graph\">{\"@context\":\"https:\\\/\\\/schema.org\",\"@graph\":[{\"@type\":\"Article\",\"@id\":\"https:\\\/\\\/influenceassociates.com\\\/automotive-pr-vuhl-off-flyer-2017\\\/#article\",\"isPartOf\":{\"@id\":\"https:\\\/\\\/influenceassociates.com\\\/automotive-pr-vuhl-off-flyer-2017\\\/\"},\"author\":{\"name\":\"Influence iNews Team\",\"@id\":\"https:\\\/\\\/influenceassociates.com\\\/#\\\/schema\\\/person\\\/12578eb426032924a60797cb1629f68b\"},\"headline\":\"Automotive PR &#8211; VUHL Off To A Flyer In 2017\",\"datePublished\":\"2017-01-31T14:27:31+00:00\",\"dateModified\":\"2019-12-05T15:44:54+00:00\",\"mainEntityOfPage\":{\"@id\":\"https:\\\/\\\/influenceassociates.com\\\/automotive-pr-vuhl-off-flyer-2017\\\/\"},\"wordCount\":458,\"articleSection\":[\"Uncategorised\"],\"inLanguage\":\"de\"},{\"@type\":\"WebPage\",\"@id\":\"https:\\\/\\\/influenceassociates.com\\\/automotive-pr-vuhl-off-flyer-2017\\\/\",\"url\":\"https:\\\/\\\/influenceassociates.com\\\/automotive-pr-vuhl-off-flyer-2017\\\/\",\"name\":\"Automotive PR - VUHL Off To A Flyer In 2017 - Influence Associates\",\"isPartOf\":{\"@id\":\"https:\\\/\\\/influenceassociates.com\\\/#website\"},\"datePublished\":\"2017-01-31T14:27:31+00:00\",\"dateModified\":\"2019-12-05T15:44:54+00:00\",\"author\":{\"@id\":\"https:\\\/\\\/influenceassociates.com\\\/#\\\/schema\\\/person\\\/12578eb426032924a60797cb1629f68b\"},\"breadcrumb\":{\"@id\":\"https:\\\/\\\/influenceassociates.com\\\/automotive-pr-vuhl-off-flyer-2017\\\/#breadcrumb\"},\"inLanguage\":\"de\",\"potentialAction\":[{\"@type\":\"ReadAction\",\"target\":[\"https:\\\/\\\/influenceassociates.com\\\/automotive-pr-vuhl-off-flyer-2017\\\/\"]}]},{\"@type\":\"BreadcrumbList\",\"@id\":\"https:\\\/\\\/influenceassociates.com\\\/automotive-pr-vuhl-off-flyer-2017\\\/#breadcrumb\",\"itemListElement\":[{\"@type\":\"ListItem\",\"position\":1,\"name\":\"Home\",\"item\":\"https:\\\/\\\/influenceassociates.com\\\/\"},{\"@type\":\"ListItem\",\"position\":2,\"name\":\"Automotive PR &#8211; VUHL Off To A Flyer In 2017\"}]},{\"@type\":\"WebSite\",\"@id\":\"https:\\\/\\\/influenceassociates.com\\\/#website\",\"url\":\"https:\\\/\\\/influenceassociates.com\\\/\",\"name\":\"Influence Associates\",\"description\":\"Communications &amp; PR, Brand Strategy and Reputation Management\",\"potentialAction\":[{\"@type\":\"SearchAction\",\"target\":{\"@type\":\"EntryPoint\",\"urlTemplate\":\"https:\\\/\\\/influenceassociates.com\\\/?s={search_term_string}\"},\"query-input\":{\"@type\":\"PropertyValueSpecification\",\"valueRequired\":true,\"valueName\":\"search_term_string\"}}],\"inLanguage\":\"de\"},{\"@type\":\"Person\",\"@id\":\"https:\\\/\\\/influenceassociates.com\\\/#\\\/schema\\\/person\\\/12578eb426032924a60797cb1629f68b\",\"name\":\"Influence iNews Team\"}]}<\/script>\n<!-- \/ Yoast SEO plugin. -->","yoast_head_json":{"title":"Automobil-PR - VUHL startet mit einem Flyer in 2017 - Influence Associates","robots":{"index":"index","follow":"follow","max-snippet":"max-snippet:-1","max-image-preview":"max-image-preview:large","max-video-preview":"max-video-preview:-1"},"canonical":"https:\/\/influenceassociates.com\/de\/automotive-pr-vuhl-off-flyer-2017\/","og_locale":"de_DE","og_type":"article","og_title":"Automotive PR - VUHL Off To A Flyer In 2017 - Influence Associates","og_description":"by James Andrew Automotive PR &#8211; In automotive PR news, VUHL has started the year in style after completing successful international dynamic appearance at the Race Of Champions in Miami. The event, which saw an amazing&hellip;","og_url":"https:\/\/influenceassociates.com\/de\/automotive-pr-vuhl-off-flyer-2017\/","og_site_name":"Influence Associates","article_published_time":"2017-01-31T14:27:31+00:00","article_modified_time":"2019-12-05T15:44:54+00:00","author":"Influence iNews Team","twitter_card":"summary_large_image","twitter_creator":"@InfluenceComms","twitter_site":"@InfluenceComms","twitter_misc":{"Verfasst von":"Influence iNews Team","Gesch\u00e4tzte Lesezeit":"2\u00a0Minuten"},"schema":{"@context":"https:\/\/schema.org","@graph":[{"@type":"Article","@id":"https:\/\/influenceassociates.com\/automotive-pr-vuhl-off-flyer-2017\/#article","isPartOf":{"@id":"https:\/\/influenceassociates.com\/automotive-pr-vuhl-off-flyer-2017\/"},"author":{"name":"Influence iNews Team","@id":"https:\/\/influenceassociates.com\/#\/schema\/person\/12578eb426032924a60797cb1629f68b"},"headline":"Automotive PR &#8211; VUHL Off To A Flyer In 2017","datePublished":"2017-01-31T14:27:31+00:00","dateModified":"2019-12-05T15:44:54+00:00","mainEntityOfPage":{"@id":"https:\/\/influenceassociates.com\/automotive-pr-vuhl-off-flyer-2017\/"},"wordCount":458,"articleSection":["Uncategorised"],"inLanguage":"de"},{"@type":"WebPage","@id":"https:\/\/influenceassociates.com\/automotive-pr-vuhl-off-flyer-2017\/","url":"https:\/\/influenceassociates.com\/automotive-pr-vuhl-off-flyer-2017\/","name":"Automobil-PR - VUHL startet mit einem Flyer in 2017 - Influence Associates","isPartOf":{"@id":"https:\/\/influenceassociates.com\/#website"},"datePublished":"2017-01-31T14:27:31+00:00","dateModified":"2019-12-05T15:44:54+00:00","author":{"@id":"https:\/\/influenceassociates.com\/#\/schema\/person\/12578eb426032924a60797cb1629f68b"},"breadcrumb":{"@id":"https:\/\/influenceassociates.com\/automotive-pr-vuhl-off-flyer-2017\/#breadcrumb"},"inLanguage":"de","potentialAction":[{"@type":"ReadAction","target":["https:\/\/influenceassociates.com\/automotive-pr-vuhl-off-flyer-2017\/"]}]},{"@type":"BreadcrumbList","@id":"https:\/\/influenceassociates.com\/automotive-pr-vuhl-off-flyer-2017\/#breadcrumb","itemListElement":[{"@type":"ListItem","position":1,"name":"Home","item":"https:\/\/influenceassociates.com\/"},{"@type":"ListItem","position":2,"name":"Automotive PR &#8211; VUHL Off To A Flyer In 2017"}]},{"@type":"WebSite","@id":"https:\/\/influenceassociates.com\/#website","url":"https:\/\/influenceassociates.com\/","name":"Einfluss Assoziierte","description":"Kommunikation &amp; PR, Markenstrategie und Reputationsmanagement","potentialAction":[{"@type":"SearchAction","target":{"@type":"EntryPoint","urlTemplate":"https:\/\/influenceassociates.com\/?s={search_term_string}"},"query-input":{"@type":"PropertyValueSpecification","valueRequired":true,"valueName":"search_term_string"}}],"inLanguage":"de"},{"@type":"Person","@id":"https:\/\/influenceassociates.com\/#\/schema\/person\/12578eb426032924a60797cb1629f68b","name":"Einfluss auf das iNews-Team"}]}},"jetpack_featured_media_url":"","_links":{"self":[{"href":"https:\/\/influenceassociates.com\/de\/wp-json\/wp\/v2\/posts\/3405","targetHints":{"allow":["GET"]}}],"collection":[{"href":"https:\/\/influenceassociates.com\/de\/wp-json\/wp\/v2\/posts"}],"about":[{"href":"https:\/\/influenceassociates.com\/de\/wp-json\/wp\/v2\/types\/post"}],"author":[{"embeddable":true,"href":"https:\/\/influenceassociates.com\/de\/wp-json\/wp\/v2\/users\/5"}],"replies":[{"embeddable":true,"href":"https:\/\/influenceassociates.com\/de\/wp-json\/wp\/v2\/comments?post=3405"}],"version-history":[{"count":0,"href":"https:\/\/influenceassociates.com\/de\/wp-json\/wp\/v2\/posts\/3405\/revisions"}],"wp:attachment":[{"href":"https:\/\/influenceassociates.com\/de\/wp-json\/wp\/v2\/media?parent=3405"}],"wp:term":[{"taxonomy":"category","embeddable":true,"href":"https:\/\/influenceassociates.com\/de\/wp-json\/wp\/v2\/categories?post=3405"},{"taxonomy":"post_tag","embeddable":true,"href":"https:\/\/influenceassociates.com\/de\/wp-json\/wp\/v2\/tags?post=3405"}],"curies":[{"name":"wp","href":"https:\/\/api.w.org\/{rel}","templated":true}]}}