{"id":4711,"date":"2018-01-12T14:07:34","date_gmt":"2018-01-12T14:07:34","guid":{"rendered":"http:\/\/influenceassociates.com\/?p=4711"},"modified":"2018-01-12T14:07:34","modified_gmt":"2018-01-12T14:07:34","slug":"confirmado-el-actual-coche-ferrari-de-f1-asi","status":"publish","type":"post","link":"https:\/\/influenceassociates.com\/es\/confirmado-el-actual-coche-ferrari-de-f1-asi\/","title":{"rendered":"El actual Ferrari de F1, confirmado para el ASI"},"content":{"rendered":"<p style=\"text-align: left;\">Relaciones p\u00fablicas del automovilismo - En noticias de relaciones p\u00fablicas del automovilismo, el 2017 <a href=\"http:\/\/formula1.ferrari.com\/en\/\" target=\"_blank\" rel=\"noopener\">Ferrari F\u00f3rmula 1<\/a> es el \u00faltimo coche confirmado para la <a href=\"https:\/\/www.ferrari.com\/en-GB\" target=\"_blank\" rel=\"noopener\">Ferrari<\/a> en el mayor espect\u00e1culo automovil\u00edstico de pretemporada de Europa,\u00a0<a href=\"http:\/\/www.autosportinternational.com\/\" target=\"_blank\" rel=\"noopener\"><em>Autosport Internacional<\/em><\/a>...esta semana.<\/p>\n<p>El SF70H se une al F2004 ganador del campeonato de 2004, al LMGTE Pro de 2017 <a href=\"http:\/\/www.fiawec.com\/en\/\" target=\"_blank\" rel=\"noopener\">Campeonato del Mundo de Resistencia<\/a>-AF Corse 488 GTE, FXX-K Evo y el 488 Challenge en el escenario que mostrar\u00e1 la gama de coches disponibles a trav\u00e9s de la red de concesionarios AF Corse. <a href=\"http:\/\/races.ferrari.com\/en\/corse-clienti\/\" target=\"_blank\" rel=\"noopener\">Corse Clienti<\/a>el programa de carreras exclusivo para clientes de Ferrari.<\/p>\n<p><img loading=\"lazy\" decoding=\"async\" class=\"aligncenter wp-image-4714 size-medium\" title=\"Relaciones p\u00fablicas del deporte del motor: Monte Carlo, M\u00f3naco. Domingo 28 de mayo de 2017. Sebastian Vettel, Ferrari SF70H, toma la bandera a cuadros para ganar la carrera. Copyright mundial Glenn Dunbar LAT Images\" src=\"https:\/\/influenceassociates.com\/wordpress-cms\/wp-content\/uploads\/2018\/01\/Monte-Carlo-Monaco.-Sunday-28-May-2017.-Sebastian-Vettel-Ferrari-SF70H-takes-the-chequered-flag-to-win-the-race.-World-Copyright-Glenn-Dunbar-LAT-Images-339x339.jpg\" alt=\"Relaciones p\u00fablicas del deporte del motor: Monte Carlo, M\u00f3naco. Domingo 28 de mayo de 2017. Sebastian Vettel, Ferrari SF70H, toma la bandera a cuadros para ganar la carrera. Copyright mundial Glenn Dunbar LAT Images\" width=\"339\" height=\"339\" srcset=\"https:\/\/influenceassociates.com\/wordpress-cms\/wp-content\/uploads\/2018\/01\/Monte-Carlo-Monaco.-Sunday-28-May-2017.-Sebastian-Vettel-Ferrari-SF70H-takes-the-chequered-flag-to-win-the-race.-World-Copyright-Glenn-Dunbar-LAT-Images-339x339.jpg 339w, https:\/\/influenceassociates.com\/wordpress-cms\/wp-content\/uploads\/2018\/01\/Monte-Carlo-Monaco.-Sunday-28-May-2017.-Sebastian-Vettel-Ferrari-SF70H-takes-the-chequered-flag-to-win-the-race.-World-Copyright-Glenn-Dunbar-LAT-Images-150x150.jpg 150w, https:\/\/influenceassociates.com\/wordpress-cms\/wp-content\/uploads\/2018\/01\/Monte-Carlo-Monaco.-Sunday-28-May-2017.-Sebastian-Vettel-Ferrari-SF70H-takes-the-chequered-flag-to-win-the-race.-World-Copyright-Glenn-Dunbar-LAT-Images-356x356.jpg 356w, https:\/\/influenceassociates.com\/wordpress-cms\/wp-content\/uploads\/2018\/01\/Monte-Carlo-Monaco.-Sunday-28-May-2017.-Sebastian-Vettel-Ferrari-SF70H-takes-the-chequered-flag-to-win-the-race.-World-Copyright-Glenn-Dunbar-LAT-Images-148x148.jpg 148w\" sizes=\"auto, (max-width: 339px) 100vw, 339px\" \/><\/p>\n<p>El Ferrari F1 de 2017 se llama SF70H en honor a la Scuderia <a href=\"http:\/\/70.ferrari.com\/en\/\" target=\"_blank\" rel=\"noopener\">70 aniversario de Ferrari<\/a>. El coche consigui\u00f3 cinco victorias, 20 podios y cinco poles, sumando un total de 522 puntos entre los pilotos campeones del mundo Sebastian Vettel y Kimi Raikkonen en la temporada 2017.<\/p>\n<p>Su motor Ferrari V6 turboalimentado de 1,6 litros genera cerca de 1.000 CV cuando se combina con los sistemas h\u00edbridos de la F1 actual. En la nueva era de la reglamentaci\u00f3n aerodin\u00e1mica, el monoplaza empez\u00f3 con buen pie, ganando en su debut en el Campeonato del Mundo de F\u00f3rmula 1. <a href=\"http:\/\/www.grandprix.com.au\/?gclid=EAIaIQobChMIr8nHzMvS2AIVCLvtCh3GGQbDEAAYASAAEgItU_D_BwE\" target=\"_blank\" rel=\"noopener\">Gran Premio de Australia<\/a> en marzo.<\/p>\n<p>El coche se une a una serie de pilotos de Ferrari que han confirmado su asistencia al sal\u00f3n. Los campeones del Campeonato del Mundo de Resistencia GTE Pro de 2017, James Calado y Alessandro Pier Guidi, estar\u00e1n en la feria el jueves. La pareja, que corre para AF Corse, sell\u00f3 la corona de constructores GT de 2017, reclamando el quinto t\u00edtulo de constructores del WEC de Ferrari (2012, 2013, 2014, 2016, 2017). Miguel Molina y el expiloto de F1 Marc Gen\u00e9 estar\u00e1n en el Sal\u00f3n el viernes y el s\u00e1bado. Todos los pilotos estar\u00e1n presentes para hablar de los exclusivos programas de carreras que ofrece Ferrari, que est\u00e1 representada en el sal\u00f3n.<\/p>\n<p>La secci\u00f3n principal de Ferrari muestra los coches representados en el programa Corse Clienti de Corsa Pilota, las Ferrari Challenge Series, el Programa XX y F1 Clienti.<\/p>\n<div class=\"mceTemp\"><\/div>\n<p><img loading=\"lazy\" decoding=\"async\" class=\"aligncenter wp-image-4713 size-medium\" title=\"Motorsport PR: Interlagos, Sao Paulo, Brasil. Domingo 12 de noviembre de 2017. Sebastian Vettel, Ferrari SF70H, realiza donuts mientras regresa a boxes tras ganar la carrera\" src=\"https:\/\/influenceassociates.com\/wordpress-cms\/wp-content\/uploads\/2018\/01\/Interlagos-Sao-Paulo-Brazil.-Sunday-12-November-2017.-Sebastian-Vettel-Ferrari-SF70H-performs-doughnuts-as-he-returns-to-the-pits-after-winning-the-race.-World-Copyright-Glenn-339x339.jpg\" alt=\"Motorsport PR: Interlagos, Sao Paulo, Brasil. Domingo 12 de noviembre de 2017. Sebastian Vettel, Ferrari SF70H, realiza donuts mientras regresa a boxes tras ganar la carrera\" width=\"339\" height=\"339\" srcset=\"https:\/\/influenceassociates.com\/wordpress-cms\/wp-content\/uploads\/2018\/01\/Interlagos-Sao-Paulo-Brazil.-Sunday-12-November-2017.-Sebastian-Vettel-Ferrari-SF70H-performs-doughnuts-as-he-returns-to-the-pits-after-winning-the-race.-World-Copyright-Glenn-339x339.jpg 339w, https:\/\/influenceassociates.com\/wordpress-cms\/wp-content\/uploads\/2018\/01\/Interlagos-Sao-Paulo-Brazil.-Sunday-12-November-2017.-Sebastian-Vettel-Ferrari-SF70H-performs-doughnuts-as-he-returns-to-the-pits-after-winning-the-race.-World-Copyright-Glenn-150x150.jpg 150w, https:\/\/influenceassociates.com\/wordpress-cms\/wp-content\/uploads\/2018\/01\/Interlagos-Sao-Paulo-Brazil.-Sunday-12-November-2017.-Sebastian-Vettel-Ferrari-SF70H-performs-doughnuts-as-he-returns-to-the-pits-after-winning-the-race.-World-Copyright-Glenn-356x356.jpg 356w, https:\/\/influenceassociates.com\/wordpress-cms\/wp-content\/uploads\/2018\/01\/Interlagos-Sao-Paulo-Brazil.-Sunday-12-November-2017.-Sebastian-Vettel-Ferrari-SF70H-performs-doughnuts-as-he-returns-to-the-pits-after-winning-the-race.-World-Copyright-Glenn-148x148.jpg 148w\" sizes=\"auto, (max-width: 339px) 100vw, 339px\" \/><\/p>\n<p><a href=\"https:\/\/www.autosport.com\/\" target=\"_blank\" rel=\"noopener\">Autosport<\/a> El redactor jefe de Media UK, Andrew van de Burgt, ha declarado: \"El coche Ferrari F1 de 2017 completa este extraordinario conjunto de coches de carreras Ferrari que representan el exclusivo programa Corse Clienti. Ha sido un largo invierno sin acci\u00f3n en la F\u00f3rmula 1 y tener el coche de F1 de 2017 es la recompensa perfecta para los aficionados que vengan a la exposici\u00f3n esta semana para ver de cerca a su \u00faltimo ganador de carreras. No se pierdan esta incre\u00edble celebraci\u00f3n de la que posiblemente sea la marca m\u00e1s ic\u00f3nica de la historia del automovilismo.\"<\/p>\n<p>El acto forma parte de\u00a0<a href=\"https:\/\/www.motorsportnetwork.com\/en_UK\/\" target=\"_blank\" rel=\"noopener\">Motorsport Network<\/a>\u00a0T\u00edtulo brit\u00e1nico\u00a0<a href=\"http:\/\/www.autosport.com\/\" target=\"_blank\" rel=\"noopener\">Autosport<\/a>\u00a0- una de las principales editoriales de deportes de motor impresos y en l\u00ednea del mundo.<\/p>\n<p><a href=\"https:\/\/www.motorsportnetwork.com\/en_UK\/\" target=\"_blank\" rel=\"noopener\">Red Motorsport<\/a>\u00a0es la mayor plataforma digital independiente del mundo relacionada con la automoci\u00f3n y el automovilismo, que conecta a millones de personas amantes de los coches y el automovilismo. La red tambi\u00e9n crea eventos clave del sector, como\u00a0<a href=\"http:\/\/www.autosportinternational.com\/\" target=\"_blank\" rel=\"noopener\">Autosport Internacional<\/a>\u00a0y los premios anuales Autosport Awards.<\/p>\n<p>No deje de visitar\u00a0<a href=\"http:\/\/www.autosportinternational.com\/\" target=\"_blank\" rel=\"noopener\">www.autosportinternational.com<\/a>\u00a0para conseguir sus entradas.<\/p>\n<p><i><a href=\"http:\/\/influenceassociates.com\/es\/\" target=\"_blank\" rel=\"noopener noreferrer\" data-saferedirecturl=\"https:\/\/www.google.com\/url?hl=en-GB&amp;q=http:\/\/influenceassociates.com\/&amp;source=gmail&amp;ust=1500024003973000&amp;usg=AFQjCNEMdi2XETCX9OGQ8WVaA6MxL3t6ng\">Asociados de influencia<\/a>\u00a0son l\u00edderes mundiales en relaciones p\u00fablicas de automoci\u00f3n, deportes de motor, tecnolog\u00eda del autom\u00f3vil y coches cl\u00e1sicos, as\u00ed como en estrategia y creaci\u00f3n de marcas, relaciones p\u00fablicas y comunicaci\u00f3n.<\/i><\/p>","protected":false},"excerpt":{"rendered":"<p>Motorsport PR - En las noticias de Motorsport PR, el coche de F\u00f3rmula 1 de Ferrari de 2017 es el \u00faltimo coche confirmado para la presentaci\u00f3n principal de Ferrari en el mayor espect\u00e1culo de pretemporada de automovilismo de Europa, Autosport International, esta semana. El SF70H se une a la...<\/p>","protected":false},"author":5,"featured_media":0,"comment_status":"closed","ping_status":"open","sticky":false,"template":"","format":"standard","meta":{"_acf_changed":false,"footnotes":""},"categories":[1],"tags":[],"class_list":["post-4711","post","type-post","status-publish","format-standard","hentry","category-uncategorised"],"acf":[],"yoast_head":"<!-- This site is optimized with the Yoast SEO plugin v27.5 - https:\/\/yoast.com\/product\/yoast-seo-wordpress\/ -->\n<title>Current Ferrari F1 Car Confirmed For ASI - Influence Associates<\/title>\n<meta name=\"robots\" content=\"index, follow, max-snippet:-1, max-image-preview:large, max-video-preview:-1\" \/>\n<link rel=\"canonical\" href=\"https:\/\/influenceassociates.com\/es\/confirmado-el-actual-coche-ferrari-de-f1-asi\/\" \/>\n<meta property=\"og:locale\" content=\"es_ES\" \/>\n<meta property=\"og:type\" content=\"article\" \/>\n<meta property=\"og:title\" content=\"Current Ferrari F1 Car Confirmed For ASI - Influence Associates\" \/>\n<meta property=\"og:description\" content=\"Motorsport PR &#8211; In motorsport PR news, the 2017 Ferrari Formula 1 car is the final car confirmed for the main Ferrari feature at Europe&#8217;s biggest pre-season motorsport show,\u00a0Autosport International, this week. The SF70H joins the&hellip;\" \/>\n<meta property=\"og:url\" content=\"https:\/\/influenceassociates.com\/es\/confirmado-el-actual-coche-ferrari-de-f1-asi\/\" \/>\n<meta property=\"og:site_name\" content=\"Influence Associates\" \/>\n<meta property=\"article:published_time\" content=\"2018-01-12T14:07:34+00:00\" \/>\n<meta property=\"og:image\" content=\"https:\/\/influenceassociates.com\/wordpress-cms\/wp-content\/uploads\/2018\/01\/Monte-Carlo-Monaco.-Sunday-28-May-2017.-Sebastian-Vettel-Ferrari-SF70H-takes-the-chequered-flag-to-win-the-race.-World-Copyright-Glenn-Dunbar-LAT-Images-339x339.jpg\" \/>\n<meta name=\"author\" content=\"Influence iNews Team\" \/>\n<meta name=\"twitter:card\" content=\"summary_large_image\" \/>\n<meta name=\"twitter:creator\" content=\"@InfluenceComms\" \/>\n<meta name=\"twitter:site\" content=\"@InfluenceComms\" \/>\n<meta name=\"twitter:label1\" content=\"Escrito por\" \/>\n\t<meta name=\"twitter:data1\" content=\"Influence iNews Team\" \/>\n\t<meta name=\"twitter:label2\" content=\"Tiempo de lectura\" \/>\n\t<meta name=\"twitter:data2\" content=\"2 minutos\" \/>\n<script type=\"application\/ld+json\" class=\"yoast-schema-graph\">{\"@context\":\"https:\\\/\\\/schema.org\",\"@graph\":[{\"@type\":\"Article\",\"@id\":\"https:\\\/\\\/influenceassociates.com\\\/current-ferrari-f1-car-confirmed-asi\\\/#article\",\"isPartOf\":{\"@id\":\"https:\\\/\\\/influenceassociates.com\\\/current-ferrari-f1-car-confirmed-asi\\\/\"},\"author\":{\"name\":\"Influence iNews Team\",\"@id\":\"https:\\\/\\\/influenceassociates.com\\\/#\\\/schema\\\/person\\\/12578eb426032924a60797cb1629f68b\"},\"headline\":\"Current Ferrari F1 Car Confirmed For ASI\",\"datePublished\":\"2018-01-12T14:07:34+00:00\",\"mainEntityOfPage\":{\"@id\":\"https:\\\/\\\/influenceassociates.com\\\/current-ferrari-f1-car-confirmed-asi\\\/\"},\"wordCount\":468,\"image\":{\"@id\":\"https:\\\/\\\/influenceassociates.com\\\/current-ferrari-f1-car-confirmed-asi\\\/#primaryimage\"},\"thumbnailUrl\":\"https:\\\/\\\/influenceassociates.com\\\/wordpress-cms\\\/wp-content\\\/uploads\\\/2018\\\/01\\\/Monte-Carlo-Monaco.-Sunday-28-May-2017.-Sebastian-Vettel-Ferrari-SF70H-takes-the-chequered-flag-to-win-the-race.-World-Copyright-Glenn-Dunbar-LAT-Images-339x339.jpg\",\"articleSection\":[\"Uncategorised\"],\"inLanguage\":\"es\"},{\"@type\":\"WebPage\",\"@id\":\"https:\\\/\\\/influenceassociates.com\\\/current-ferrari-f1-car-confirmed-asi\\\/\",\"url\":\"https:\\\/\\\/influenceassociates.com\\\/current-ferrari-f1-car-confirmed-asi\\\/\",\"name\":\"Current Ferrari F1 Car Confirmed For ASI - Influence Associates\",\"isPartOf\":{\"@id\":\"https:\\\/\\\/influenceassociates.com\\\/#website\"},\"primaryImageOfPage\":{\"@id\":\"https:\\\/\\\/influenceassociates.com\\\/current-ferrari-f1-car-confirmed-asi\\\/#primaryimage\"},\"image\":{\"@id\":\"https:\\\/\\\/influenceassociates.com\\\/current-ferrari-f1-car-confirmed-asi\\\/#primaryimage\"},\"thumbnailUrl\":\"https:\\\/\\\/influenceassociates.com\\\/wordpress-cms\\\/wp-content\\\/uploads\\\/2018\\\/01\\\/Monte-Carlo-Monaco.-Sunday-28-May-2017.-Sebastian-Vettel-Ferrari-SF70H-takes-the-chequered-flag-to-win-the-race.-World-Copyright-Glenn-Dunbar-LAT-Images-339x339.jpg\",\"datePublished\":\"2018-01-12T14:07:34+00:00\",\"author\":{\"@id\":\"https:\\\/\\\/influenceassociates.com\\\/#\\\/schema\\\/person\\\/12578eb426032924a60797cb1629f68b\"},\"breadcrumb\":{\"@id\":\"https:\\\/\\\/influenceassociates.com\\\/current-ferrari-f1-car-confirmed-asi\\\/#breadcrumb\"},\"inLanguage\":\"es\",\"potentialAction\":[{\"@type\":\"ReadAction\",\"target\":[\"https:\\\/\\\/influenceassociates.com\\\/current-ferrari-f1-car-confirmed-asi\\\/\"]}]},{\"@type\":\"ImageObject\",\"inLanguage\":\"es\",\"@id\":\"https:\\\/\\\/influenceassociates.com\\\/current-ferrari-f1-car-confirmed-asi\\\/#primaryimage\",\"url\":\"https:\\\/\\\/influenceassociates.com\\\/wordpress-cms\\\/wp-content\\\/uploads\\\/2018\\\/01\\\/Monte-Carlo-Monaco.-Sunday-28-May-2017.-Sebastian-Vettel-Ferrari-SF70H-takes-the-chequered-flag-to-win-the-race.-World-Copyright-Glenn-Dunbar-LAT-Images-339x339.jpg\",\"contentUrl\":\"https:\\\/\\\/influenceassociates.com\\\/wordpress-cms\\\/wp-content\\\/uploads\\\/2018\\\/01\\\/Monte-Carlo-Monaco.-Sunday-28-May-2017.-Sebastian-Vettel-Ferrari-SF70H-takes-the-chequered-flag-to-win-the-race.-World-Copyright-Glenn-Dunbar-LAT-Images-339x339.jpg\"},{\"@type\":\"BreadcrumbList\",\"@id\":\"https:\\\/\\\/influenceassociates.com\\\/current-ferrari-f1-car-confirmed-asi\\\/#breadcrumb\",\"itemListElement\":[{\"@type\":\"ListItem\",\"position\":1,\"name\":\"Home\",\"item\":\"https:\\\/\\\/influenceassociates.com\\\/\"},{\"@type\":\"ListItem\",\"position\":2,\"name\":\"Current Ferrari F1 Car Confirmed For ASI\"}]},{\"@type\":\"WebSite\",\"@id\":\"https:\\\/\\\/influenceassociates.com\\\/#website\",\"url\":\"https:\\\/\\\/influenceassociates.com\\\/\",\"name\":\"Influence Associates\",\"description\":\"Communications &amp; PR, Brand Strategy and Reputation Management\",\"potentialAction\":[{\"@type\":\"SearchAction\",\"target\":{\"@type\":\"EntryPoint\",\"urlTemplate\":\"https:\\\/\\\/influenceassociates.com\\\/?s={search_term_string}\"},\"query-input\":{\"@type\":\"PropertyValueSpecification\",\"valueRequired\":true,\"valueName\":\"search_term_string\"}}],\"inLanguage\":\"es\"},{\"@type\":\"Person\",\"@id\":\"https:\\\/\\\/influenceassociates.com\\\/#\\\/schema\\\/person\\\/12578eb426032924a60797cb1629f68b\",\"name\":\"Influence iNews Team\"}]}<\/script>\n<!-- \/ Yoast SEO plugin. -->","yoast_head_json":{"title":"El actual Ferrari de F1 confirmado para ASI - Influence Associates","robots":{"index":"index","follow":"follow","max-snippet":"max-snippet:-1","max-image-preview":"max-image-preview:large","max-video-preview":"max-video-preview:-1"},"canonical":"https:\/\/influenceassociates.com\/es\/confirmado-el-actual-coche-ferrari-de-f1-asi\/","og_locale":"es_ES","og_type":"article","og_title":"Current Ferrari F1 Car Confirmed For ASI - Influence Associates","og_description":"Motorsport PR &#8211; In motorsport PR news, the 2017 Ferrari Formula 1 car is the final car confirmed for the main Ferrari feature at Europe&#8217;s biggest pre-season motorsport show,\u00a0Autosport International, this week. The SF70H joins the&hellip;","og_url":"https:\/\/influenceassociates.com\/es\/confirmado-el-actual-coche-ferrari-de-f1-asi\/","og_site_name":"Influence Associates","article_published_time":"2018-01-12T14:07:34+00:00","og_image":[{"url":"https:\/\/influenceassociates.com\/wordpress-cms\/wp-content\/uploads\/2018\/01\/Monte-Carlo-Monaco.-Sunday-28-May-2017.-Sebastian-Vettel-Ferrari-SF70H-takes-the-chequered-flag-to-win-the-race.-World-Copyright-Glenn-Dunbar-LAT-Images-339x339.jpg","type":"","width":"","height":""}],"author":"Influence iNews Team","twitter_card":"summary_large_image","twitter_creator":"@InfluenceComms","twitter_site":"@InfluenceComms","twitter_misc":{"Escrito por":"Influence iNews Team","Tiempo de lectura":"2 minutos"},"schema":{"@context":"https:\/\/schema.org","@graph":[{"@type":"Article","@id":"https:\/\/influenceassociates.com\/current-ferrari-f1-car-confirmed-asi\/#article","isPartOf":{"@id":"https:\/\/influenceassociates.com\/current-ferrari-f1-car-confirmed-asi\/"},"author":{"name":"Influence iNews Team","@id":"https:\/\/influenceassociates.com\/#\/schema\/person\/12578eb426032924a60797cb1629f68b"},"headline":"Current Ferrari F1 Car Confirmed For ASI","datePublished":"2018-01-12T14:07:34+00:00","mainEntityOfPage":{"@id":"https:\/\/influenceassociates.com\/current-ferrari-f1-car-confirmed-asi\/"},"wordCount":468,"image":{"@id":"https:\/\/influenceassociates.com\/current-ferrari-f1-car-confirmed-asi\/#primaryimage"},"thumbnailUrl":"https:\/\/influenceassociates.com\/wordpress-cms\/wp-content\/uploads\/2018\/01\/Monte-Carlo-Monaco.-Sunday-28-May-2017.-Sebastian-Vettel-Ferrari-SF70H-takes-the-chequered-flag-to-win-the-race.-World-Copyright-Glenn-Dunbar-LAT-Images-339x339.jpg","articleSection":["Uncategorised"],"inLanguage":"es"},{"@type":"WebPage","@id":"https:\/\/influenceassociates.com\/current-ferrari-f1-car-confirmed-asi\/","url":"https:\/\/influenceassociates.com\/current-ferrari-f1-car-confirmed-asi\/","name":"El actual Ferrari de F1 confirmado para ASI - Influence Associates","isPartOf":{"@id":"https:\/\/influenceassociates.com\/#website"},"primaryImageOfPage":{"@id":"https:\/\/influenceassociates.com\/current-ferrari-f1-car-confirmed-asi\/#primaryimage"},"image":{"@id":"https:\/\/influenceassociates.com\/current-ferrari-f1-car-confirmed-asi\/#primaryimage"},"thumbnailUrl":"https:\/\/influenceassociates.com\/wordpress-cms\/wp-content\/uploads\/2018\/01\/Monte-Carlo-Monaco.-Sunday-28-May-2017.-Sebastian-Vettel-Ferrari-SF70H-takes-the-chequered-flag-to-win-the-race.-World-Copyright-Glenn-Dunbar-LAT-Images-339x339.jpg","datePublished":"2018-01-12T14:07:34+00:00","author":{"@id":"https:\/\/influenceassociates.com\/#\/schema\/person\/12578eb426032924a60797cb1629f68b"},"breadcrumb":{"@id":"https:\/\/influenceassociates.com\/current-ferrari-f1-car-confirmed-asi\/#breadcrumb"},"inLanguage":"es","potentialAction":[{"@type":"ReadAction","target":["https:\/\/influenceassociates.com\/current-ferrari-f1-car-confirmed-asi\/"]}]},{"@type":"ImageObject","inLanguage":"es","@id":"https:\/\/influenceassociates.com\/current-ferrari-f1-car-confirmed-asi\/#primaryimage","url":"https:\/\/influenceassociates.com\/wordpress-cms\/wp-content\/uploads\/2018\/01\/Monte-Carlo-Monaco.-Sunday-28-May-2017.-Sebastian-Vettel-Ferrari-SF70H-takes-the-chequered-flag-to-win-the-race.-World-Copyright-Glenn-Dunbar-LAT-Images-339x339.jpg","contentUrl":"https:\/\/influenceassociates.com\/wordpress-cms\/wp-content\/uploads\/2018\/01\/Monte-Carlo-Monaco.-Sunday-28-May-2017.-Sebastian-Vettel-Ferrari-SF70H-takes-the-chequered-flag-to-win-the-race.-World-Copyright-Glenn-Dunbar-LAT-Images-339x339.jpg"},{"@type":"BreadcrumbList","@id":"https:\/\/influenceassociates.com\/current-ferrari-f1-car-confirmed-asi\/#breadcrumb","itemListElement":[{"@type":"ListItem","position":1,"name":"Home","item":"https:\/\/influenceassociates.com\/"},{"@type":"ListItem","position":2,"name":"Current Ferrari F1 Car Confirmed For ASI"}]},{"@type":"WebSite","@id":"https:\/\/influenceassociates.com\/#website","url":"https:\/\/influenceassociates.com\/","name":"Asociados de influencia","description":"Comunicaci\u00f3n y relaciones p\u00fablicas, estrategia de marca y gesti\u00f3n de la reputaci\u00f3n","potentialAction":[{"@type":"SearchAction","target":{"@type":"EntryPoint","urlTemplate":"https:\/\/influenceassociates.com\/?s={search_term_string}"},"query-input":{"@type":"PropertyValueSpecification","valueRequired":true,"valueName":"search_term_string"}}],"inLanguage":"es"},{"@type":"Person","@id":"https:\/\/influenceassociates.com\/#\/schema\/person\/12578eb426032924a60797cb1629f68b","name":"Influencia Equipo iNews"}]}},"jetpack_featured_media_url":"","_links":{"self":[{"href":"https:\/\/influenceassociates.com\/es\/wp-json\/wp\/v2\/posts\/4711","targetHints":{"allow":["GET"]}}],"collection":[{"href":"https:\/\/influenceassociates.com\/es\/wp-json\/wp\/v2\/posts"}],"about":[{"href":"https:\/\/influenceassociates.com\/es\/wp-json\/wp\/v2\/types\/post"}],"author":[{"embeddable":true,"href":"https:\/\/influenceassociates.com\/es\/wp-json\/wp\/v2\/users\/5"}],"replies":[{"embeddable":true,"href":"https:\/\/influenceassociates.com\/es\/wp-json\/wp\/v2\/comments?post=4711"}],"version-history":[{"count":0,"href":"https:\/\/influenceassociates.com\/es\/wp-json\/wp\/v2\/posts\/4711\/revisions"}],"wp:attachment":[{"href":"https:\/\/influenceassociates.com\/es\/wp-json\/wp\/v2\/media?parent=4711"}],"wp:term":[{"taxonomy":"category","embeddable":true,"href":"https:\/\/influenceassociates.com\/es\/wp-json\/wp\/v2\/categories?post=4711"},{"taxonomy":"post_tag","embeddable":true,"href":"https:\/\/influenceassociates.com\/es\/wp-json\/wp\/v2\/tags?post=4711"}],"curies":[{"name":"wp","href":"https:\/\/api.w.org\/{rel}","templated":true}]}}